{"id":995,"date":"2011-01-25T14:27:25","date_gmt":"2011-01-25T13:27:25","guid":{"rendered":"http:\/\/stadtforum-altenburg.de\/?p=995"},"modified":"2011-02-20T12:36:32","modified_gmt":"2011-02-20T11:36:32","slug":"eine-frage-des-konnens-oder-des-wollens","status":"publish","type":"post","link":"https:\/\/stadtforum-altenburg.de\/?p=995","title":{"rendered":"Eine Frage des K\u00f6nnens oder des Wollens?"},"content":{"rendered":"<p><span style=\"color: #888888;\">Das Stadtforum Altenburg unterst\u00fctzt im Grundsatz die Initiative der St\u00e4dtischen Wohnungsgesellschaft (SWG) zur Bebauung des Areals am Markt. Allerdings tritt das Stadtforum f\u00fcr eine <\/span><strong><span style=\"color: #888888;\">\u00fcberzeugende, bestm\u00f6gliche L\u00f6sung mit Integration der H\u00e4user<\/span><\/strong><span style=\"color: #888888;\"> \u201eBei der Br\u00fcderkirche 9\u201c und Klostergasse 5 ein. Nach Meinung des Stadtforums<!--more--> lassen sich keine rational nachvollziehbaren Gr\u00fcnde f\u00fcr einen Abriss dieser beiden H\u00e4user anf\u00fchren.<\/span><\/p>\n<p><span style=\"color: #888888;\"> <\/span><\/p>\n<p><span style=\"color: #888888;\"> <\/span><\/p>\n<p><span style=\"color: #888888;\"> <\/span><\/p>\n<p><span style=\"color: #888888;\">Seit \u00fcber einem Jahr hat das Stadtforum in zahlreichen Gespr\u00e4chen mit den Stadtr\u00e4ten, den Mitgliedern des Bauausschusses, der Stadtverwaltung, der SWG, dem Konsum, dem Landesamt f\u00fcr Denkmalpflege und vielen anderen versucht, auf die Planungen positiv hinzuwirken, Alternativen zu diskutieren und L\u00f6sungen zu finden. Entscheidende Ver\u00e4nderungen gab es auf Initiative des Stadtforums in der Kubatur und H\u00f6he der geplanten Neubebauung. <\/span><span style=\"color: #888888;\"><span style=\"color: #888888;\"><br \/>\n<\/span><span style=\"color: #888888;\"> <\/span><\/span><span style=\"color: #888888;\"> Demgegen\u00fcber l\u00f6sen die zahlreichen, rein kosmetischen Fassaden\u00fcberarbeitungen der SWG keineswegs substantiell die <\/span><span style=\"color: #888888;\"><strong><span style=\"color: #888888;\">grunds\u00e4tzlichen Probleme der Quartiers-bebauung<\/span><\/strong><span style=\"color: #888888;\"> <\/span><\/span><span style=\"color: #888888;\">wie beispielsweise den Denkmalschutz, fehlende\u00a0 Erdgeschossbelebung und die unhaltbare Parkplatzplanung. <\/span><span style=\"color: #888888;\"><span style=\"color: #888888;\"><br \/>\n<\/span><span style=\"color: #888888;\"> <\/span><\/span><span style=\"color: #888888;\">Im Rahmen der Auslegung des Bebauungsplanes im August 2010 haben Architekten und Stadtplaner auf Initiative des Stadtforums sowohl Alternativideen als auch realisierbare Planungsvarianten entwickelt, die unter anderem den Bau eines seit Jahren diskutierten und geplanten Parkhauses auf der gegen\u00fcberliegenden Brache aufgreifen.<\/span><\/p>\n<p><span style=\"color: #888888;\"> <\/span><\/p>\n<p><span style=\"color: #888888;\"> <\/span><\/p>\n<p><span style=\"color: #888888;\"> <\/span><\/p>\n<p><span style=\"color: #888888;\">Bei alledem stand dem Stadtforum nicht jeder Gespr\u00e4chspartner dialogbereit gegen\u00fcber. Die Auseinandersetzung war und ist auf Seiten des Vorhabentr\u00e4gers und des OB von Fehlinformation, Hinhaltetaktik, Einsch\u00fcchterung und Ignoranz gepr\u00e4gt.<\/span><\/p>\n<p><span style=\"color: #888888;\"> <\/span><\/p>\n<p><span style=\"color: #888888;\"> <\/span><\/p>\n<p><span style=\"color: #888888;\"> <\/span><\/p>\n<p><span style=\"color: #888888;\">Und dieses beispiellose Verhalten spiegelt sich gleichwohl in der Berichterstattung wieder. Lautet der Tenor der \u00fcberregionalen Presse, dass das th\u00fcringische Altenburg eine Perle sei und unbedingt besucht werden m\u00fcsse, so wenden die Berichterstatter mit Blick auf das Geschehen rund um das Areal am Markt gleichwohl kritisch ein, dass das Aush\u00e4ngeschild Altenburgs, der historische Marktplatz, in Gefahr sei \u2013 durch die Kompromisslosigkeit und dem Verweigern jeglicher Planungsalternativen seitens der SWG und deren Aufsichtsratsvorsitzenden, Oberb\u00fcrgermeister Wolf.<\/span><\/p>\n<p><span style=\"color: #888888;\"> <\/span><\/p>\n<p><span style=\"color: #888888;\"> <\/span><\/p>\n<p><span style=\"color: #888888;\"> <\/span><\/p>\n<p><span style=\"color: #888888;\">In der Tat wurden und werden in Altenburg in nicht unerheblichem Umfang F\u00f6rder- und st\u00e4dtische Eigenmittel in den Denkmalschutz f\u00fcr stadtbildpr\u00e4gende Markenzeichen wie bspw. Rote Spitzen und Schloss investiert. Des Weiteren mobilisiert die Stadt Investitionen zur Sicherung von Geb\u00e4uden wie bspw. Theaterplatz 6, Teichvorstadt 4, Pauritzer Stra\u00dfe 1, dem Wei\u00dfen Ross und Schwarzen B\u00e4ren. <\/span><span style=\"color: #888888;\">Doch <strong>das <\/strong><strong>selektive Vorgehen<\/strong>, <strong>die <\/strong><strong>Auswahlkriterien<\/strong> <strong>und der<\/strong> <strong>Umfang einzelner Ma\u00dfnahmen werfen erhebliche Fragen auf<\/strong>.<\/span><span style=\"color: #888888;\"><span style=\"color: #888888;\"> <\/span><\/span><\/p>\n<p><span style=\"color: #888888;\"> <\/span><\/p>\n<p><span style=\"color: #888888;\"> <\/span><\/p>\n<p><span style=\"color: #888888;\"> <\/span><\/p>\n<p><span style=\"color: #888888;\"><span style=\"color: #888888;\">Die Verantwortlichen der <\/span><a href=\"http:\/\/www.staedtebaulicher-denkmalschutz.de\/programm\/expertengruppe\/expertengruppe.php\" target=\"_self\"><span style=\"color: #888888;\">Expertengruppe St\u00e4dtebaulicher Denkmalschutz<\/span><\/a><span style=\"color: #888888;\"> haben bei ihrer Arbeitstagung am 15.\/16. November 2010 in Altenburg ausdr\u00fccklich darauf hingewiesen, dass f\u00fcr F\u00e4lle wie das Geb\u00e4ude \u201eBei der Br\u00fcderkirche 9\u201c Mittel des F\u00f6rderprogrammes St\u00e4dtebaulicher Denkmalschutz bereitst\u00fcnden. Ebenso stellt das Landesamt f\u00fcr Denkmalpflege F\u00f6rdermittel in Aussicht. Gleichwohl gibt es <\/span><strong><span style=\"color: #888888;\">bislang keinen Antrag der Stadt auf F\u00f6rdermittel<\/span><\/strong><span style=\"color: #888888;\"> f\u00fcr den Erhalt und die Sanierung dieses Geb\u00e4udes.<\/span><\/span><\/p>\n<p><span style=\"color: #888888;\"> <\/span><\/p>\n<p><span style=\"color: #888888;\"> <\/span><\/p>\n<p><span style=\"color: #888888;\"> <\/span><\/p>\n<p><span style=\"color: #888888;\"><span style=\"color: #888888;\">Die Vermutung, dass es nur eine Frage des Wollens ist, resultiert auch aus der Betrachtung der an und f\u00fcr sich hervorragenden Rahmenbedingungen des Bauvorhabens Areal am Markt: <\/span><a href=\"http:\/\/stadtforum-altenburg.de\/?p=719\" target=\"_self\"><span style=\"color: #888888;\">eine historische Bausubstanz in erstaunlich gutem Zustand<\/span><\/a><span style=\"color: #888888;\">; ein Investor, der zu hundert Prozent im Eigentum der Stadt ist; ein seri\u00f6ser Hauptmieter, der Konsum, sowie zahlreiche Interessenten f\u00fcr die Wohnungen. Aus Sicht des Stadtforums begr\u00fcnden weder zeitliche noch finanziell knappe Ressourcen eine \u00fcbereilte Entscheidung, die den Verlust historischer Bausubstanz im Zentrum der Stadt zur Folge hat.<\/span><\/span><\/p>\n","protected":false},"excerpt":{"rendered":"<p>Das Stadtforum Altenburg unterst\u00fctzt im Grundsatz die Initiative der St\u00e4dtischen Wohnungsgesellschaft (SWG) zur Bebauung des Areals am Markt. Allerdings tritt das Stadtforum f\u00fcr eine \u00fcberzeugende, bestm\u00f6gliche L\u00f6sung mit Integration der H\u00e4user \u201eBei der Br\u00fcderkirche 9\u201c und Klostergasse 5 ein. Nach &hellip; <a href=\"https:\/\/stadtforum-altenburg.de\/?p=995\">Weiterlesen <span class=\"meta-nav\">&rarr;<\/span><\/a><\/p>\n","protected":false},"author":1,"featured_media":0,"comment_status":"closed","ping_status":"open","sticky":false,"template":"","format":"standard","meta":{"_jetpack_memberships_contains_paid_content":false,"footnotes":""},"categories":[37,15,1],"tags":[3,64,46],"class_list":["post-995","post","type-post","status-publish","format-standard","hentry","category-editorial","category-stellungnahme","category-alles","tag-areal-am-markt","tag-ob","tag-swg"],"jetpack_featured_media_url":"","jetpack_sharing_enabled":true,"jetpack_shortlink":"https:\/\/wp.me\/p1GsgU-g3","jetpack_likes_enabled":false,"_links":{"self":[{"href":"https:\/\/stadtforum-altenburg.de\/index.php?rest_route=\/wp\/v2\/posts\/995","targetHints":{"allow":["GET"]}}],"collection":[{"href":"https:\/\/stadtforum-altenburg.de\/index.php?rest_route=\/wp\/v2\/posts"}],"about":[{"href":"https:\/\/stadtforum-altenburg.de\/index.php?rest_route=\/wp\/v2\/types\/post"}],"author":[{"embeddable":true,"href":"https:\/\/stadtforum-altenburg.de\/index.php?rest_route=\/wp\/v2\/users\/1"}],"replies":[{"embeddable":true,"href":"https:\/\/stadtforum-altenburg.de\/index.php?rest_route=%2Fwp%2Fv2%2Fcomments&post=995"}],"version-history":[{"count":3,"href":"https:\/\/stadtforum-altenburg.de\/index.php?rest_route=\/wp\/v2\/posts\/995\/revisions"}],"predecessor-version":[{"id":1023,"href":"https:\/\/stadtforum-altenburg.de\/index.php?rest_route=\/wp\/v2\/posts\/995\/revisions\/1023"}],"wp:attachment":[{"href":"https:\/\/stadtforum-altenburg.de\/index.php?rest_route=%2Fwp%2Fv2%2Fmedia&parent=995"}],"wp:term":[{"taxonomy":"category","embeddable":true,"href":"https:\/\/stadtforum-altenburg.de\/index.php?rest_route=%2Fwp%2Fv2%2Fcategories&post=995"},{"taxonomy":"post_tag","embeddable":true,"href":"https:\/\/stadtforum-altenburg.de\/index.php?rest_route=%2Fwp%2Fv2%2Ftags&post=995"}],"curies":[{"name":"wp","href":"https:\/\/api.w.org\/{rel}","templated":true}]}}