{"id":636,"date":"2010-02-04T02:39:04","date_gmt":"2010-02-04T01:39:04","guid":{"rendered":"http:\/\/stadtforum-altenburg.de\/?p=636"},"modified":"2011-01-17T16:40:33","modified_gmt":"2011-01-17T15:40:33","slug":"deutscher-depeschen-dienst-4-februar-2010","status":"publish","type":"post","link":"https:\/\/stadtforum-altenburg.de\/?p=636","title":{"rendered":"Deutscher Depeschen Dienst, 4. Februar 2010"},"content":{"rendered":"<p><span style=\"color: #888888;\">Altenburger B\u00fcrger wollen auf Stadtentwicklung einwirken.<\/span><\/p>\n<p><span style=\"color: #888888;\"> <\/span><\/p>\n<p><span style=\"color: #888888;\">In Altenburg wollen B\u00fcrger mit einem neuen Netzwerk auf die Stadtentwicklung und den Denkmalschutz Einfluss nehmen. Das \u00abStadtforum Altenburg\u00bb wolle \u00abproduktive Ideen zur Stadtentwicklung b\u00fcndeln und bekannt machen\u00bb, sagte ein Sprecher am Donnerstag. Es gehe um die \u00abErhaltung des historisch gewachsenen Stadtbildes\u00bb, um \u00abStrategien f\u00fcr einen behutsamen Stadtumbau\u00bb und um die \u00abBelebung der Innenstadt\u00bb.<\/span><\/p>\n<p><span style=\"color: #888888;\"> <\/span><\/p>\n<p><span style=\"color: #888888;\">Die Gr\u00fcndung des Forums ist <!--more-->den Angaben nach durch die Diskussion um das \u00abAreal am Markt\u00bb ausgel\u00f6st worden. Die St\u00e4dtische Wohnungsgesellschaft Altenburg wollte ein teilweise denkmalgesch\u00fctztes Geb\u00e4udeensemble abrei\u00dfen und Wohnungen und einen Einkaufsmarkt errichten. Kritiker lehnten die Pl\u00e4ne ab, weil sie um das Stadtbild f\u00fcrchteten. Die Altenburger Altstadt gilt als eine der sch\u00f6nsten und am besten erhaltenen in der Bundesrepublik.<\/span><\/p>\n<p><span style=\"color: #888888;\"> <\/span><\/p>\n<p><span style=\"color: #888888;\">ddp\/mje\/kos<\/span><\/p>\n<p><span style=\"color: #888888;\"> <\/span><\/p>\n<p><span style=\"color: #888888;\">Zum Artikel: <\/span><a href=\"http:\/\/tinyurl.com\/4vc27x8\" target=\"_blank\"><span style=\"color: #888888;\">http:\/\/tinyurl.com\/4vc27x8<\/span><\/a><\/p>\n","protected":false},"excerpt":{"rendered":"<p>Altenburger B\u00fcrger wollen auf Stadtentwicklung einwirken. In Altenburg wollen B\u00fcrger mit einem neuen Netzwerk auf die Stadtentwicklung und den Denkmalschutz Einfluss nehmen. Das \u00abStadtforum Altenburg\u00bb wolle \u00abproduktive Ideen zur Stadtentwicklung b\u00fcndeln und bekannt machen\u00bb, sagte ein Sprecher am Donnerstag. Es &hellip; <a href=\"https:\/\/stadtforum-altenburg.de\/?p=636\">Weiterlesen <span class=\"meta-nav\">&rarr;<\/span><\/a><\/p>\n","protected":false},"author":1,"featured_media":0,"comment_status":"closed","ping_status":"open","sticky":false,"template":"","format":"standard","meta":{"_jetpack_memberships_contains_paid_content":false,"footnotes":""},"categories":[9,1],"tags":[66,65],"class_list":["post-636","post","type-post","status-publish","format-standard","hentry","category-medienspiegel","category-alles","tag-grundung","tag-stadtforum"],"jetpack_featured_media_url":"","jetpack_sharing_enabled":true,"jetpack_shortlink":"https:\/\/wp.me\/p1GsgU-ag","jetpack_likes_enabled":false,"_links":{"self":[{"href":"https:\/\/stadtforum-altenburg.de\/index.php?rest_route=\/wp\/v2\/posts\/636","targetHints":{"allow":["GET"]}}],"collection":[{"href":"https:\/\/stadtforum-altenburg.de\/index.php?rest_route=\/wp\/v2\/posts"}],"about":[{"href":"https:\/\/stadtforum-altenburg.de\/index.php?rest_route=\/wp\/v2\/types\/post"}],"author":[{"embeddable":true,"href":"https:\/\/stadtforum-altenburg.de\/index.php?rest_route=\/wp\/v2\/users\/1"}],"replies":[{"embeddable":true,"href":"https:\/\/stadtforum-altenburg.de\/index.php?rest_route=%2Fwp%2Fv2%2Fcomments&post=636"}],"version-history":[{"count":3,"href":"https:\/\/stadtforum-altenburg.de\/index.php?rest_route=\/wp\/v2\/posts\/636\/revisions"}],"predecessor-version":[{"id":639,"href":"https:\/\/stadtforum-altenburg.de\/index.php?rest_route=\/wp\/v2\/posts\/636\/revisions\/639"}],"wp:attachment":[{"href":"https:\/\/stadtforum-altenburg.de\/index.php?rest_route=%2Fwp%2Fv2%2Fmedia&parent=636"}],"wp:term":[{"taxonomy":"category","embeddable":true,"href":"https:\/\/stadtforum-altenburg.de\/index.php?rest_route=%2Fwp%2Fv2%2Fcategories&post=636"},{"taxonomy":"post_tag","embeddable":true,"href":"https:\/\/stadtforum-altenburg.de\/index.php?rest_route=%2Fwp%2Fv2%2Ftags&post=636"}],"curies":[{"name":"wp","href":"https:\/\/api.w.org\/{rel}","templated":true}]}}