{"id":3808,"date":"2020-01-20T18:44:23","date_gmt":"2020-01-20T17:44:23","guid":{"rendered":"http:\/\/stadtforum-altenburg.de\/?p=3808"},"modified":"2020-01-20T18:44:28","modified_gmt":"2020-01-20T17:44:28","slug":"stadtforum-altenburg-oeffnet-eigenes-kontaktbuero","status":"publish","type":"post","link":"https:\/\/stadtforum-altenburg.de\/?p=3808","title":{"rendered":"Stadtforum Altenburg \u00f6ffnet eigenes Kontaktb\u00fcro"},"content":{"rendered":"\n<p>Das Stadtforum Altenburg \u2013 Forum f\u00fcr Stadtentwicklung und Denkmalschutz er\u00f6ffnet am Samstag, dem <strong>25. Januar 2020<\/strong>, <strong>16 Uhr<\/strong> in der<strong> Johannisstra\u00dfe 35<\/strong> ein eigenes Kontaktb\u00fcro. Die R\u00e4ume dienen k\u00fcnftig dem gemeinn\u00fctzigen Verein Stadtforum Altenburg als Veranstaltungs- und Begegnungsst\u00e4tte. Dar\u00fcber hinaus dient das ehemalige Ladenlokal der f\u00fcnfk\u00f6pfigen Stadtratsfraktion des Stadtforums als Arbeitsort und Anlaufpunkt f\u00fcr B\u00fcrger.  <\/p>\n\n\n\n<figure class=\"wp-block-image size-large\"><img data-recalc-dims=\"1\" loading=\"lazy\" decoding=\"async\" width=\"568\" height=\"768\" src=\"https:\/\/i0.wp.com\/stadtforum-altenburg.de\/wp-content\/uploads\/2020\/01\/200117_Postkarte_Vorderseite_700px.jpg?resize=568%2C768\" alt=\"\" class=\"wp-image-3810\" srcset=\"https:\/\/i0.wp.com\/stadtforum-altenburg.de\/wp-content\/uploads\/2020\/01\/200117_Postkarte_Vorderseite_700px.jpg?w=568&amp;ssl=1 568w, https:\/\/i0.wp.com\/stadtforum-altenburg.de\/wp-content\/uploads\/2020\/01\/200117_Postkarte_Vorderseite_700px.jpg?resize=222%2C300&amp;ssl=1 222w\" sizes=\"auto, (max-width: 568px) 100vw, 568px\" \/><figcaption>Historische Aufnahme der Johannisstra\u00dfe 35 aus dem Jahr 1986. (Foto: SLUB Dresden \/ Deutsche Fotothek \/ Messbildstelle Dresden)<\/figcaption><\/figure>\n\n\n\n<p>Gleich zur Er\u00f6ffnung pr\u00e4sentiert die Initiative die <strong>Ausstellung \u201eJohannisstra\u00dfe und Johannisvorstadt im Messbild\u201c<\/strong> sowie eine Projektion mit Altenburger Ansichten von Dietmar und Marek Waldenburger und Jens-Paul Taubert, die den Wandel der Stra\u00dfenz\u00fcge seit den 1980er-Jahren dokumentieren. Die Zusammenstellung und Aufbereitung der Fotos lag in H\u00e4nden von Marianne Waldenburger und Lutz Woitke.<\/p>\n\n\n\n<p>Die Gesch\u00e4ftsr\u00e4ume der Johannisstra\u00dfe 35 erfahren nach langj\u00e4hrigem Leerstand durch das Stadtforum eine neue Nutzung. Zu den prominenten Vormietern in der einst florierenden Gesch\u00e4ftsstra\u00dfe geh\u00f6rte auch die traditionsreiche Schnuphase`sche Buchhandlung. Wer jetzt \u00fcber die Schwelle des Ladens tritt, kann sich \u00fcber die Stadtentwicklung in Altenburg informieren, Kontakte kn\u00fcpfen, Netzwerke kennenlernen und sich nat\u00fcrlich selbst einbringen.<\/p>\n\n\n\n<p>Zur Er\u00f6ffnung am 25. Januar ist f\u00fcr Imbiss ,Getr\u00e4nke und reichlich Gespr\u00e4chsstoff gesorgt. Am Abend wird zus\u00e4tzlich etwas Musik f\u00fcr Wohlf\u00fchlatmosph\u00e4re sorgen. <\/p>\n","protected":false},"excerpt":{"rendered":"<p>Das Stadtforum Altenburg \u2013 Forum f\u00fcr Stadtentwicklung und Denkmalschutz er\u00f6ffnet am Samstag, dem 25. Januar 2020, 16 Uhr in der Johannisstra\u00dfe 35 ein eigenes Kontaktb\u00fcro. Die R\u00e4ume dienen k\u00fcnftig dem gemeinn\u00fctzigen Verein Stadtforum Altenburg als Veranstaltungs- und Begegnungsst\u00e4tte. Dar\u00fcber hinaus &hellip; <a href=\"https:\/\/stadtforum-altenburg.de\/?p=3808\">Weiterlesen <span class=\"meta-nav\">&rarr;<\/span><\/a><\/p>\n","protected":false},"author":1,"featured_media":0,"comment_status":"closed","ping_status":"open","sticky":false,"template":"","format":"standard","meta":{"_jetpack_memberships_contains_paid_content":false,"footnotes":""},"categories":[62,37,4,18,1],"tags":[50,349,351,350,348],"class_list":["post-3808","post","type-post","status-publish","format-standard","hentry","category-brisant","category-editorial","category-pressemitteilung","category-termine","category-alles","tag-altenburg","tag-ausstellung","tag-eroeffnung","tag-kontaktbuero","tag-laden"],"jetpack_featured_media_url":"","jetpack_sharing_enabled":true,"jetpack_shortlink":"https:\/\/wp.me\/p1GsgU-Zq","jetpack_likes_enabled":false,"_links":{"self":[{"href":"https:\/\/stadtforum-altenburg.de\/index.php?rest_route=\/wp\/v2\/posts\/3808","targetHints":{"allow":["GET"]}}],"collection":[{"href":"https:\/\/stadtforum-altenburg.de\/index.php?rest_route=\/wp\/v2\/posts"}],"about":[{"href":"https:\/\/stadtforum-altenburg.de\/index.php?rest_route=\/wp\/v2\/types\/post"}],"author":[{"embeddable":true,"href":"https:\/\/stadtforum-altenburg.de\/index.php?rest_route=\/wp\/v2\/users\/1"}],"replies":[{"embeddable":true,"href":"https:\/\/stadtforum-altenburg.de\/index.php?rest_route=%2Fwp%2Fv2%2Fcomments&post=3808"}],"version-history":[{"count":5,"href":"https:\/\/stadtforum-altenburg.de\/index.php?rest_route=\/wp\/v2\/posts\/3808\/revisions"}],"predecessor-version":[{"id":3814,"href":"https:\/\/stadtforum-altenburg.de\/index.php?rest_route=\/wp\/v2\/posts\/3808\/revisions\/3814"}],"wp:attachment":[{"href":"https:\/\/stadtforum-altenburg.de\/index.php?rest_route=%2Fwp%2Fv2%2Fmedia&parent=3808"}],"wp:term":[{"taxonomy":"category","embeddable":true,"href":"https:\/\/stadtforum-altenburg.de\/index.php?rest_route=%2Fwp%2Fv2%2Fcategories&post=3808"},{"taxonomy":"post_tag","embeddable":true,"href":"https:\/\/stadtforum-altenburg.de\/index.php?rest_route=%2Fwp%2Fv2%2Ftags&post=3808"}],"curies":[{"name":"wp","href":"https:\/\/api.w.org\/{rel}","templated":true}]}}