{"id":3069,"date":"2014-03-31T09:37:31","date_gmt":"2014-03-31T07:37:31","guid":{"rendered":"http:\/\/stadtforum-altenburg.de\/?p=3069"},"modified":"2014-05-18T17:42:44","modified_gmt":"2014-05-18T15:42:44","slug":"kommunalwahl-2014-wahlbuendnis-stadtforum-altenburg-und-buendnis-90die-gruenen","status":"publish","type":"post","link":"https:\/\/stadtforum-altenburg.de\/?p=3069","title":{"rendered":"Wahlb\u00fcndnis B\u00fcndnis 90\/Die Gr\u00fcnen &#8211; Stadtforum Altenburg"},"content":{"rendered":"<p><span style=\"color: #808080;\"><a href=\"https:\/\/i0.wp.com\/stadtforum-altenburg.de\/wp-content\/uploads\/2014\/03\/DSC0418.jpg\"><span style=\"color: #808080;\"><img data-recalc-dims=\"1\" loading=\"lazy\" decoding=\"async\" class=\"alignnone size-thumbnail wp-image-3097\" alt=\"WVKW 2014-03-29\" src=\"https:\/\/i0.wp.com\/stadtforum-altenburg.de\/wp-content\/uploads\/2014\/03\/DSC0418-150x150.jpg?resize=150%2C150\" width=\"150\" height=\"150\" srcset=\"https:\/\/i0.wp.com\/stadtforum-altenburg.de\/wp-content\/uploads\/2014\/03\/DSC0418.jpg?resize=150%2C150&amp;ssl=1 150w, https:\/\/i0.wp.com\/stadtforum-altenburg.de\/wp-content\/uploads\/2014\/03\/DSC0418.jpg?zoom=2&amp;resize=150%2C150&amp;ssl=1 300w, https:\/\/i0.wp.com\/stadtforum-altenburg.de\/wp-content\/uploads\/2014\/03\/DSC0418.jpg?zoom=3&amp;resize=150%2C150&amp;ssl=1 450w\" sizes=\"auto, (max-width: 150px) 100vw, 150px\" \/><\/span><\/a>\u00a0<a href=\"https:\/\/i0.wp.com\/stadtforum-altenburg.de\/wp-content\/uploads\/2014\/03\/DSC0422.jpg\"><span style=\"color: #808080;\"><img data-recalc-dims=\"1\" loading=\"lazy\" decoding=\"async\" class=\"alignnone size-thumbnail wp-image-3098\" alt=\"WVKW 2014-03-29\" src=\"https:\/\/i0.wp.com\/stadtforum-altenburg.de\/wp-content\/uploads\/2014\/03\/DSC0422-150x150.jpg?resize=150%2C150\" width=\"150\" height=\"150\" srcset=\"https:\/\/i0.wp.com\/stadtforum-altenburg.de\/wp-content\/uploads\/2014\/03\/DSC0422.jpg?resize=150%2C150&amp;ssl=1 150w, https:\/\/i0.wp.com\/stadtforum-altenburg.de\/wp-content\/uploads\/2014\/03\/DSC0422.jpg?zoom=2&amp;resize=150%2C150&amp;ssl=1 300w, https:\/\/i0.wp.com\/stadtforum-altenburg.de\/wp-content\/uploads\/2014\/03\/DSC0422.jpg?zoom=3&amp;resize=150%2C150&amp;ssl=1 450w\" sizes=\"auto, (max-width: 150px) 100vw, 150px\" \/><\/span><\/a><\/span><\/p>\n<p><span style=\"color: #808080;\">STADTFORUM ALTENBURG &#8211; Forum f\u00fcr Denkmalschutz und\u00a0 Stadtentwicklung und B\u00dcNDNIS90\/DIE GR\u00dcNEN schlie\u00dfen sich f\u00fcr die Wahlen zum Altenburger Stadtrat zu einem Wahlb\u00fcndnis zusammen. F\u00fcr die <strong>Kommunalpolitik in Altenburg<\/strong> sieht das B\u00fcndnis <strong>\u00dcbereinstimmungen <\/strong><strong>in wesentlichen Grund\u00fcberzeugungen<\/strong>.<\/span><\/p>\n<p><span style=\"color: #808080;\">Aus diesem Anlass fand am Sonnabend, den 29. M\u00e4rz 2014, eine Wahlversammlung im Paul-Gustavus-Haus statt. Im Ergebnis dieser Veranstaltung haben sich <\/span><a title=\"Kandidaten-Liste zur Stadtratswahl, 25. Mai 2014\" href=\"http:\/\/stadtforum-altenburg.de\/?page_id=3179\"><span style=\"color: #808080;\"><strong><span style=\"color: #808080;\">36 Altenburgerinnen und Altenburger<\/span><\/strong><\/span><\/a><span style=\"color: #808080;\"> bereit erkl\u00e4rt, mit ihrer <\/span><a title=\"Kandidaten-Liste zur Stadtratswahl, 25. Mai 2014\" href=\"http:\/\/stadtforum-altenburg.de\/?page_id=3179\"><span style=\"color: #808080;\"><strong><span style=\"color: #808080;\">Kandidatur zur Wahl des Altenburger Stadtrates<\/span><\/strong><\/span><\/a><span style=\"color: #808080;\"> dieses B\u00fcndnis zu unterst\u00fctzen. F\u00fcr das Stadtforum Altenburg stehen 31 Kandidaten auf der gemeinsamen Liste.<\/span><\/p>\n<p><span style=\"color: #808080;\">Johannes Schaefer (Stadtforum Altenburg) und Kerstin Krist (B\u00dcNDNIS90\/DIE GR\u00dcNEN) f\u00fchren diese Liste als <strong>Doppelspitze<\/strong> an (siehe unten).<\/span><\/p>\n<p><span style=\"color: #808080;\">In dieser Versammlung wurde das aus <\/span><a title=\"Programm Wahlb\u00fcndnis B\u00fcndnis90\/Die Gr\u00fcnen \u2013 Stadtforum Altenburg\" href=\"http:\/\/stadtforum-altenburg.de\/?page_id=3168\"><span style=\"color: #808080;\"><strong><span style=\"color: #808080;\">10 Punkten<\/span><\/strong><\/span><\/a><span style=\"color: #808080;\"> bestehende, gemeinsam erarbeitete <\/span><a title=\"Programm Wahlb\u00fcndnis B\u00fcndnis90\/Die Gr\u00fcnen \u2013 Stadtforum Altenburg\" href=\"http:\/\/stadtforum-altenburg.de\/?page_id=3168\"><span style=\"color: #808080;\"><strong><span style=\"color: #808080;\">Wahlprogramm<\/span><\/strong><\/span><\/a><span style=\"color: #808080;\"> einstimmig angenommen (siehe unten).<\/span><\/p>\n<p><span style=\"color: #808080;\">B\u00fcndnis 90\/Die Gr\u00fcnen und das Stadtforum Altenburg stehen f\u00fcr eine moderne, vom B\u00fcrgerwillen getragene umweltfreundliche Stadtentwicklung unter besonderer Ber\u00fccksichtigung des weiteren Einwohnerr\u00fcckgangs. Es setzt den Schwerpunkt auf die St\u00e4rkung der Innenstadt und die Sorgfalt f\u00fcr andere Stadt- bzw. Ortsteile.<\/span><\/p>\n<ul>\n<li><span style=\"color: #808080;\"><a href=\"http:\/\/stadtforum-altenburg.de\/?page_id=3168\"><span style=\"color: #808080;\">Wahlprogramm B\u00dcNDNIS 90\/DIE GR\u00dcNEN &#8211; Stadtforum Altenburg (Weblink)<\/span><\/a><\/span><\/li>\n<li><a title=\"Warum kandidieren wir?\" href=\"http:\/\/stadtforum-altenburg.de\/?page_id=3213\"><span style=\"color: #808080;\">Warum kandidieren wir? Eine Auswahl (Weblink)<\/span><\/a><\/li>\n<li><a href=\"http:\/\/stadtforum-altenburg.de\/?page_id=3179\"><span style=\"color: #808080;\"><span style=\"color: #808080;\">Kandidaten-Liste Stadtratswahl 2014 (Weblink)<\/span><\/span><\/a><\/li>\n<li><span style=\"color: #808080;\"><a href=\"http:\/\/stadtforum-altenburg.de\/?attachment_id=3092\" rel=\"attachment wp-att-3092\"><span style=\"color: #808080;\">PM Wahlversammlung 29-03-2014 (PDF)<\/span><\/a><\/span><\/li>\n<\/ul>\n","protected":false},"excerpt":{"rendered":"<p>\u00a0 STADTFORUM ALTENBURG &#8211; Forum f\u00fcr Denkmalschutz und\u00a0 Stadtentwicklung und B\u00dcNDNIS90\/DIE GR\u00dcNEN schlie\u00dfen sich f\u00fcr die Wahlen zum Altenburger Stadtrat zu einem Wahlb\u00fcndnis zusammen. F\u00fcr die Kommunalpolitik in Altenburg sieht das B\u00fcndnis \u00dcbereinstimmungen in wesentlichen Grund\u00fcberzeugungen. Aus diesem Anlass fand &hellip; <a href=\"https:\/\/stadtforum-altenburg.de\/?p=3069\">Weiterlesen <span class=\"meta-nav\">&rarr;<\/span><\/a><\/p>\n","protected":false},"author":1,"featured_media":0,"comment_status":"closed","ping_status":"open","sticky":false,"template":"","format":"standard","meta":{"_jetpack_memberships_contains_paid_content":false,"footnotes":""},"categories":[62,37,4,1],"tags":[265,50,109,268,267,269,264,288,99,65,85,266],"class_list":["post-3069","post","type-post","status-publish","format-standard","hentry","category-brisant","category-editorial","category-pressemitteilung","category-alles","tag-265","tag-altenburg","tag-bundnis-90die-grunen","tag-doppelspitze","tag-kandidaten","tag-kandidatenliste","tag-kommunalwahl","tag-liste-5","tag-stadtentwicklung","tag-stadtforum","tag-stadtrat","tag-wahlprogramm"],"jetpack_featured_media_url":"","jetpack_sharing_enabled":true,"jetpack_shortlink":"https:\/\/wp.me\/p1GsgU-Nv","jetpack_likes_enabled":false,"_links":{"self":[{"href":"https:\/\/stadtforum-altenburg.de\/index.php?rest_route=\/wp\/v2\/posts\/3069","targetHints":{"allow":["GET"]}}],"collection":[{"href":"https:\/\/stadtforum-altenburg.de\/index.php?rest_route=\/wp\/v2\/posts"}],"about":[{"href":"https:\/\/stadtforum-altenburg.de\/index.php?rest_route=\/wp\/v2\/types\/post"}],"author":[{"embeddable":true,"href":"https:\/\/stadtforum-altenburg.de\/index.php?rest_route=\/wp\/v2\/users\/1"}],"replies":[{"embeddable":true,"href":"https:\/\/stadtforum-altenburg.de\/index.php?rest_route=%2Fwp%2Fv2%2Fcomments&post=3069"}],"version-history":[{"count":10,"href":"https:\/\/stadtforum-altenburg.de\/index.php?rest_route=\/wp\/v2\/posts\/3069\/revisions"}],"predecessor-version":[{"id":3273,"href":"https:\/\/stadtforum-altenburg.de\/index.php?rest_route=\/wp\/v2\/posts\/3069\/revisions\/3273"}],"wp:attachment":[{"href":"https:\/\/stadtforum-altenburg.de\/index.php?rest_route=%2Fwp%2Fv2%2Fmedia&parent=3069"}],"wp:term":[{"taxonomy":"category","embeddable":true,"href":"https:\/\/stadtforum-altenburg.de\/index.php?rest_route=%2Fwp%2Fv2%2Fcategories&post=3069"},{"taxonomy":"post_tag","embeddable":true,"href":"https:\/\/stadtforum-altenburg.de\/index.php?rest_route=%2Fwp%2Fv2%2Ftags&post=3069"}],"curies":[{"name":"wp","href":"https:\/\/api.w.org\/{rel}","templated":true}]}}