{"id":2635,"date":"2013-02-05T21:38:18","date_gmt":"2013-02-05T20:38:18","guid":{"rendered":"http:\/\/stadtforum-altenburg.de\/?p=2635"},"modified":"2013-03-09T14:29:37","modified_gmt":"2013-03-09T13:29:37","slug":"im-dialog-fur-eine-lebendige-innenstadt-auftaktveranstaltung","status":"publish","type":"post","link":"https:\/\/stadtforum-altenburg.de\/?p=2635","title":{"rendered":"Neue Veranstaltungsreihe &#8222;Im Dialog. F\u00fcr eine lebendige Innenstadt&#8220;"},"content":{"rendered":"<p><a href=\"http:\/\/stadtforum-altenburg.de\/?attachment_id=2685\" rel=\"attachment wp-att-2685\"><img data-recalc-dims=\"1\" loading=\"lazy\" decoding=\"async\" class=\"alignnone  wp-image-2685\" alt=\"Logo_Im_Dialog\" src=\"https:\/\/i0.wp.com\/stadtforum-altenburg.de\/wp-content\/uploads\/2013\/03\/Logo_Im_Dialog_transparent-e1362816507666.png?resize=584%2C130\" width=\"584\" height=\"130\" \/><\/a><\/p>\n<p><span style=\"color: #808080;\">Das Stadtforum Altenburg &#8211; Forum f\u00fcr Denkmalschutz und Stadtentwicklung startet in diesem Jahr eine neue Veranstaltungsreihe. Unter dem Motto \u201e<em>Im Dialog. F\u00fcr eine lebendige Innenstadt.<\/em>\u201c ist es das Ziel dieser Veranstaltungsreihe, Bem\u00fchungen f\u00fcr eine lebendige Innenstadt zu unterst\u00fctzen und die Altenburger f\u00fcr dieses Thema zu sensibilisieren.<\/span><\/p>\n<p><span style=\"color: #808080;\">Schwerpunkt der Veranstaltungen liegt auf der Vorstellung sanierter und unsanierter Objekte und Quartiere sowie Konzeptionen und Pl\u00e4nen von Privaten und \u00f6ffentlicher Hand. Hierzu werden sowohl Informations- und Themenabende als auch Stadtrundg\u00e4nge angeboten.\u00a0<\/span><\/p>\n<p><span style=\"color: #808080;\">Den Auftakt bildet eine Informationsveranstaltung mit anschlie\u00dfender Diskussionsrunde. Wir sind zu Gast im <!--more-->Lichthof des Modehauses Fischer.\u00a0<\/span><\/p>\n<p><span style=\"color: #808080;\">Wir laden Sie daher sehr herzlich am <strong>Montag, 18. Februar 2013, um 18.30 Uhr<\/strong>, in den Lichthof des Modehauses Fischer ein (<a href=\"http:\/\/stadtforum-altenburg.de\/?attachment_id=2646\" rel=\"attachment wp-att-2646\">Einladungsschreiben hier als PDF<\/a>).<\/span><\/p>\n<p><span style=\"color: #808080;\">An diesem Abend werden durch die Bauherren und den Architekten die bisherigen <strong>Sanierungsleistungen an den Geb\u00e4uden Sporenstra\u00dfe<\/strong>\u00a01 und 2 vorgestellt. Des Weiteren wird \u00fcber <strong>Risiken und Chancen f\u00fcr fortf\u00fchrende Investitionen<\/strong> am Standort mit den Eigent\u00fcmern informiert und diskutiert.\u00a0<\/span><\/p>\n<p><span style=\"color: #808080;\">Witterungsabh\u00e4ngig wird der Veranstaltungsraum temperiert sein.\u00a0<\/span><\/p>\n<p><span style=\"color: #808080;\">Wir freuen uns auf eine angeregte Diskussion.<\/span><\/p>\n","protected":false},"excerpt":{"rendered":"<p>Das Stadtforum Altenburg &#8211; Forum f\u00fcr Denkmalschutz und Stadtentwicklung startet in diesem Jahr eine neue Veranstaltungsreihe. Unter dem Motto \u201eIm Dialog. F\u00fcr eine lebendige Innenstadt.\u201c ist es das Ziel dieser Veranstaltungsreihe, Bem\u00fchungen f\u00fcr eine lebendige Innenstadt zu unterst\u00fctzen und die &hellip; <a href=\"https:\/\/stadtforum-altenburg.de\/?p=2635\">Weiterlesen <span class=\"meta-nav\">&rarr;<\/span><\/a><\/p>\n","protected":false},"author":1,"featured_media":0,"comment_status":"closed","ping_status":"open","sticky":false,"template":"","format":"standard","meta":{"_jetpack_memberships_contains_paid_content":false,"footnotes":""},"categories":[37,18,1],"tags":[219,93,220,222,221,71],"class_list":["post-2635","post","type-post","status-publish","format-standard","hentry","category-editorial","category-termine","category-alles","tag-im-dialog","tag-innenstadt","tag-modehaus-fischer","tag-sanierungsleistungen","tag-sporenstrase","tag-veranstaltung"],"jetpack_featured_media_url":"","jetpack_sharing_enabled":true,"jetpack_shortlink":"https:\/\/wp.me\/p1GsgU-Gv","jetpack_likes_enabled":false,"_links":{"self":[{"href":"https:\/\/stadtforum-altenburg.de\/index.php?rest_route=\/wp\/v2\/posts\/2635","targetHints":{"allow":["GET"]}}],"collection":[{"href":"https:\/\/stadtforum-altenburg.de\/index.php?rest_route=\/wp\/v2\/posts"}],"about":[{"href":"https:\/\/stadtforum-altenburg.de\/index.php?rest_route=\/wp\/v2\/types\/post"}],"author":[{"embeddable":true,"href":"https:\/\/stadtforum-altenburg.de\/index.php?rest_route=\/wp\/v2\/users\/1"}],"replies":[{"embeddable":true,"href":"https:\/\/stadtforum-altenburg.de\/index.php?rest_route=%2Fwp%2Fv2%2Fcomments&post=2635"}],"version-history":[{"count":3,"href":"https:\/\/stadtforum-altenburg.de\/index.php?rest_route=\/wp\/v2\/posts\/2635\/revisions"}],"predecessor-version":[{"id":2720,"href":"https:\/\/stadtforum-altenburg.de\/index.php?rest_route=\/wp\/v2\/posts\/2635\/revisions\/2720"}],"wp:attachment":[{"href":"https:\/\/stadtforum-altenburg.de\/index.php?rest_route=%2Fwp%2Fv2%2Fmedia&parent=2635"}],"wp:term":[{"taxonomy":"category","embeddable":true,"href":"https:\/\/stadtforum-altenburg.de\/index.php?rest_route=%2Fwp%2Fv2%2Fcategories&post=2635"},{"taxonomy":"post_tag","embeddable":true,"href":"https:\/\/stadtforum-altenburg.de\/index.php?rest_route=%2Fwp%2Fv2%2Ftags&post=2635"}],"curies":[{"name":"wp","href":"https:\/\/api.w.org\/{rel}","templated":true}]}}