{"id":168,"date":"2010-10-30T16:38:51","date_gmt":"2010-10-30T15:38:51","guid":{"rendered":"http:\/\/stadtforum-altenburg.de\/?p=168"},"modified":"2011-01-17T14:37:43","modified_gmt":"2011-01-17T13:37:43","slug":"168","status":"publish","type":"post","link":"https:\/\/stadtforum-altenburg.de\/?p=168","title":{"rendered":"Entwurfsfassung Quartierskonzept vorgestellt"},"content":{"rendered":"<p><span style=\"color: #888888;\">Nach Informationen des Stadtforums liegt der Stadtverwaltung eine erste Entwurfsfassung des Quartierskonzeptes f\u00fcr die Quartiere 8 und 15 vor. Das Stadtforum erhofft sich <\/span><!--more--><span style=\"color: #888888;\">aus diesem Papier sowohl Aussagen f\u00fcr die zuk\u00fcnftige Nutzung und Gestaltung des Quartiers zwischen Spiegelgasse und Josephinum als auch Aussagen zu Quartier 8, die f\u00fcr den in der Abw\u00e4gungsphase befindlichen Bebauungsplan &#8222;Areal am Mark&#8220; von Bedeutung sind. Das Stadtforum hat in einem Brief an OB Michael Wolf um die Ver\u00f6ffentlichung der Ergebnisse gebeten.<\/span><\/p>\n","protected":false},"excerpt":{"rendered":"<p>Nach Informationen des Stadtforums liegt der Stadtverwaltung eine erste Entwurfsfassung des Quartierskonzeptes f\u00fcr die Quartiere 8 und 15 vor. Das Stadtforum erhofft sich<\/p>\n","protected":false},"author":1,"featured_media":0,"comment_status":"closed","ping_status":"open","sticky":false,"template":"","format":"standard","meta":{"_jetpack_memberships_contains_paid_content":false,"footnotes":""},"categories":[15,1],"tags":[23,22,20],"class_list":["post-168","post","type-post","status-publish","format-standard","hentry","category-stellungnahme","category-alles","tag-quartier-15","tag-quartier-8","tag-quartierskonzept"],"jetpack_featured_media_url":"","jetpack_sharing_enabled":true,"jetpack_shortlink":"https:\/\/wp.me\/s1GsgU-168","jetpack_likes_enabled":false,"_links":{"self":[{"href":"https:\/\/stadtforum-altenburg.de\/index.php?rest_route=\/wp\/v2\/posts\/168","targetHints":{"allow":["GET"]}}],"collection":[{"href":"https:\/\/stadtforum-altenburg.de\/index.php?rest_route=\/wp\/v2\/posts"}],"about":[{"href":"https:\/\/stadtforum-altenburg.de\/index.php?rest_route=\/wp\/v2\/types\/post"}],"author":[{"embeddable":true,"href":"https:\/\/stadtforum-altenburg.de\/index.php?rest_route=\/wp\/v2\/users\/1"}],"replies":[{"embeddable":true,"href":"https:\/\/stadtforum-altenburg.de\/index.php?rest_route=%2Fwp%2Fv2%2Fcomments&post=168"}],"version-history":[{"count":3,"href":"https:\/\/stadtforum-altenburg.de\/index.php?rest_route=\/wp\/v2\/posts\/168\/revisions"}],"predecessor-version":[{"id":654,"href":"https:\/\/stadtforum-altenburg.de\/index.php?rest_route=\/wp\/v2\/posts\/168\/revisions\/654"}],"wp:attachment":[{"href":"https:\/\/stadtforum-altenburg.de\/index.php?rest_route=%2Fwp%2Fv2%2Fmedia&parent=168"}],"wp:term":[{"taxonomy":"category","embeddable":true,"href":"https:\/\/stadtforum-altenburg.de\/index.php?rest_route=%2Fwp%2Fv2%2Fcategories&post=168"},{"taxonomy":"post_tag","embeddable":true,"href":"https:\/\/stadtforum-altenburg.de\/index.php?rest_route=%2Fwp%2Fv2%2Ftags&post=168"}],"curies":[{"name":"wp","href":"https:\/\/api.w.org\/{rel}","templated":true}]}}