{"id":1492,"date":"2011-05-19T11:03:23","date_gmt":"2011-05-19T10:03:23","guid":{"rendered":"http:\/\/stadtforum-altenburg.de\/?p=1492"},"modified":"2011-05-19T12:05:12","modified_gmt":"2011-05-19T11:05:12","slug":"mdl-anja-siegesmund-mahnt-zur-zukunftsorientierten-weitsicht","status":"publish","type":"post","link":"https:\/\/stadtforum-altenburg.de\/?p=1492","title":{"rendered":"MdL Anja Siegesmund mahnt zur zukunftsorientierten Weitsicht"},"content":{"rendered":"<p><span style=\"color: #808080;\">Die Neubebauung des \u201eAreals am Markt\u201c steht zur n\u00e4chsten Sitzung des Altenburger Stadtrates am Donnerstag, den 26. Mai 2011 erneut auf dem Tagesordnungsplan.<\/span><br \/>\n<span style=\"color: #808080;\">Noch ist unklar, wie sich die Stadtr\u00e4te entscheiden werden, doch es wird bef\u00fcrchtet,<\/span><br \/>\n<span style=\"color: #808080;\">dass f\u00fcr den Abriss des Kulturdenkmals \u201eBei der Br\u00fcderkirche 9\u201c sowie des zum Denkmalensemble Altenburger Altstadt geh\u00f6renden Geb\u00e4udes \u201eKlostergasse 5\u201c<\/span><br \/>\n<span style=\"color: #808080;\">votiert werden k\u00f6nnte. Die Fraktionsvorsitzende von B\u00dcNDNIS 90\/DIE GR\u00dcNEN im<\/span><br \/>\n<span style=\"color: #808080;\">Th\u00fcringer Landtag, Anja Siegesmund, die sich schon lange f\u00fcr den Erhalt der beiden<\/span><br \/>\n<span style=\"color: #808080;\">H\u00e4user einsetzt, mahnt daher alle Altenburger Stadtr\u00e4te an, zukunftsorientierte<\/span><br \/>\n<span style=\"color: #808080;\">Weitsicht zu beweisen und sich f\u00fcr den Erhalt des kulturellen Erbes der Stadt Altenburg zu entscheiden.<!--more--><\/span><\/p>\n<p><span style=\"color: #808080;\">\u201eAltenburg ist eine wundersch\u00f6ne Stadt, die tagt\u00e4glich viele Touristen anlockt, nicht<\/span><br \/>\n<span style=\"color: #808080;\">zuletzt weil Denkmalensemble im innerst\u00e4dtischen Bereich in Th\u00fcringen besitzt. Zu dieser <\/span><br \/>\n<span style=\"color: #808080;\">beeindruckenden innerst\u00e4dtischen Architektur Altenburgs, die zweifelsohne ein Alleinstellungsmerkmal st\u00e4dtebaulich einzigartige Marktplatz einschlie\u00dflich des Geb\u00e4udekomplexes Areal am Markt. Diese H\u00e4user aus den verschiedensten Bauepochen sind f\u00fcr das Stadtbild pr\u00e4gend und f\u00fcr die Identit\u00e4t der Stadt von gro\u00dfer Bedeutung. Die Neubebauung des Areal am Markt erfordert deshalb auch einen sensiblen und vorausschauenden Umgang mit der historischen Bausubstanz,\u201c so Siegesmund.<\/span><\/p>\n<p><span style=\"color: #808080;\">\u201eDas Areal am Markt ist zwar ohne Zweifel seit Jahren ein Makel der Stadt, der eine<\/span><br \/>\n<span style=\"color: #808080;\">Neubebauung dringend erfordert, auch um den AltenburgerInnen bessere Einkaufs- und<\/span><br \/>\n<span style=\"color: #808080;\">Parkm\u00f6glichkeiten zu bieten. Der Bebauungsplan und der damit einhergehende<\/span><br \/>\n<span style=\"color: #808080;\">Komplett-Abriss des Geb\u00e4udekomplexes Areal am Markt ist jedoch sehr kurzsichtig<\/span><br \/>\n<span style=\"color: #808080;\">gedacht, denn ein Abriss zerst\u00f6rt das historisch einmalige baukulturelle Erbe der<\/span><br \/>\n<span style=\"color: #808080;\">Stadt Altenburg f\u00fcr immer. Stattdessen w\u00fcrde ein f\u00fcr Touristen uninteressanter,<\/span><br \/>\n<span style=\"color: #808080;\">gesichtsloser Neubau ohne Geschichte entstehen\u201c, so mahnt die b\u00fcndnisgr\u00fcne<\/span><br \/>\n<span style=\"color: #808080;\">Fraktionschefin.<\/span><br \/>\n<span style=\"color: #808080;\">\u201eDer Erhalt und die Sanierung vor allem des barocken Wohn- und Gesch\u00e4ftshauses<\/span><br \/>\n<span style=\"color: #808080;\">\u201eBei der Br\u00fcderkirche 9\u201c w\u00fcrde hingegen die Einzigartigkeit des historischen Marktes<\/span><br \/>\n<span style=\"color: #808080;\">bewahren und damit die touristische Anziehungskraft erh\u00f6hen. Ein sensibler Umgang<\/span><br \/>\n<span style=\"color: #808080;\">mit der Stadtgestalt und der Stadtgeschichte kann aber nicht nur zur Aufwertung der<\/span><br \/>\n<span style=\"color: #808080;\">Stadt, sondern letztendlich auch zur Abschw\u00e4chung der wirtschaftlichen und<\/span><br \/>\n<span style=\"color: #808080;\">finanziellen Krise beitragen,\u201c so ist Siegesmund \u00fcberzeugt.<\/span><br \/>\n<span style=\"color: #808080;\">\u201eEin Abriss des denkmalgesch\u00fctzten Hauses \u201eBei der Br\u00fcderkirche 9\u201c w\u00e4re des<\/span><br \/>\n<span style=\"color: #808080;\">Weiteren auch betriebswirtschaftlich ein fataler Fehler, da eine Sanierung wesentlich<\/span><br \/>\n<span style=\"color: #808080;\">kosteng\u00fcnstiger ist. Sogar einen Kaufinteressenten, die Palais Schardt gGmbH<\/span><br \/>\n<span style=\"color: #808080;\">Weimar, gibt es mittlerweile f\u00fcr das barocke Geb\u00e4ude und nach Informationen des<\/span><br \/>\n<span style=\"color: #808080;\">Stadtforums Altenburg liegen zudem F\u00f6rdermittelzusagen von Bund und Land vor.<\/span><br \/>\n<span style=\"color: #808080;\">Es ist daher v\u00f6llig unverst\u00e4ndlich, wenn Altenburg diese gro\u00dfartige Chance nicht<\/span><br \/>\n<span style=\"color: #808080;\">nutzen w\u00fcrde\u201c, so Siegesmund kritisch.<\/span><\/p>\n<p><span style=\"color: #808080;\">\u201eIch m\u00f6chte daher partei\u00fcbergreifend an alle Stadtr\u00e4te in Altenburg appellieren,<\/span><br \/>\n<span style=\"color: #808080;\">zukunftsorientiert zu denken und die richtige Wahl zu treffen, denn Engagement f\u00fcr<\/span><br \/>\n<span style=\"color: #808080;\">Denkmalpflege lohnt sich langfristig. Es gibt zudem gen\u00fcgend realisierbare und<\/span><br \/>\n<span style=\"color: #808080;\">finanzierbare Alternativen zum gegenw\u00e4rtigen Bebauungsplan und Nutzungskonzept<\/span><br \/>\n<span style=\"color: #808080;\">der St\u00e4dtischen Wohnungsgesellschaft Altenburg (SWG), die ohne Mehrkosten und<\/span><br \/>\n<span style=\"color: #808080;\">ohne Zeitverz\u00f6gerung zusammen mit der SWG verwirklicht werden k\u00f6nnen. Darauf<\/span><br \/>\n<span style=\"color: #808080;\">haben Fachleute des Stadtforums Altenburg mehrfach hingewiesen. Ich bitte daher<\/span><br \/>\n<span style=\"color: #808080;\">alle Stadtr\u00e4te inst\u00e4ndig, ihren Standpunkt kritisch zu hinterfragen und der<\/span><br \/>\n<span style=\"color: #808080;\">Fachkompetenz am Ende mehr Gewicht beizumessen als der kurzsichtigen und<\/span><br \/>\n<span style=\"color: #808080;\">kompromisslosen Haltung der Denkmalschutzgegner,\u201c so Siegesmund abschlie\u00dfend.<\/span><\/p>\n<p><span style=\"color: #808080;\"><a href=\"http:\/\/stadtforum-altenburg.de\/wp-content\/uploads\/2011\/05\/PM-Siegesmund-19-05-2011.pdf\">MdL Anja Siegesmund zur Entscheidung \u00fcber das Bauvorhaben &#8222;Areal am Markt&#8220;<\/a> <\/span><\/p>\n","protected":false},"excerpt":{"rendered":"<p>Die Neubebauung des \u201eAreals am Markt\u201c steht zur n\u00e4chsten Sitzung des Altenburger Stadtrates am Donnerstag, den 26. Mai 2011 erneut auf dem Tagesordnungsplan. Noch ist unklar, wie sich die Stadtr\u00e4te entscheiden werden, doch es wird bef\u00fcrchtet, dass f\u00fcr den Abriss &hellip; <a href=\"https:\/\/stadtforum-altenburg.de\/?p=1492\">Weiterlesen <span class=\"meta-nav\">&rarr;<\/span><\/a><\/p>\n","protected":false},"author":1,"featured_media":0,"comment_status":"closed","ping_status":"open","sticky":false,"template":"","format":"standard","meta":{"_jetpack_memberships_contains_paid_content":false,"footnotes":""},"categories":[62,9,1],"tags":[3,109,108,8,85],"class_list":["post-1492","post","type-post","status-publish","format-standard","hentry","category-brisant","category-medienspiegel","category-alles","tag-areal-am-markt","tag-bundnis-90die-grunen","tag-siegesmund","tag-stadtebaulicher-denkmalschutz","tag-stadtrat"],"jetpack_featured_media_url":"","jetpack_sharing_enabled":true,"jetpack_shortlink":"https:\/\/wp.me\/p1GsgU-o4","jetpack_likes_enabled":false,"_links":{"self":[{"href":"https:\/\/stadtforum-altenburg.de\/index.php?rest_route=\/wp\/v2\/posts\/1492","targetHints":{"allow":["GET"]}}],"collection":[{"href":"https:\/\/stadtforum-altenburg.de\/index.php?rest_route=\/wp\/v2\/posts"}],"about":[{"href":"https:\/\/stadtforum-altenburg.de\/index.php?rest_route=\/wp\/v2\/types\/post"}],"author":[{"embeddable":true,"href":"https:\/\/stadtforum-altenburg.de\/index.php?rest_route=\/wp\/v2\/users\/1"}],"replies":[{"embeddable":true,"href":"https:\/\/stadtforum-altenburg.de\/index.php?rest_route=%2Fwp%2Fv2%2Fcomments&post=1492"}],"version-history":[{"count":3,"href":"https:\/\/stadtforum-altenburg.de\/index.php?rest_route=\/wp\/v2\/posts\/1492\/revisions"}],"predecessor-version":[{"id":1494,"href":"https:\/\/stadtforum-altenburg.de\/index.php?rest_route=\/wp\/v2\/posts\/1492\/revisions\/1494"}],"wp:attachment":[{"href":"https:\/\/stadtforum-altenburg.de\/index.php?rest_route=%2Fwp%2Fv2%2Fmedia&parent=1492"}],"wp:term":[{"taxonomy":"category","embeddable":true,"href":"https:\/\/stadtforum-altenburg.de\/index.php?rest_route=%2Fwp%2Fv2%2Fcategories&post=1492"},{"taxonomy":"post_tag","embeddable":true,"href":"https:\/\/stadtforum-altenburg.de\/index.php?rest_route=%2Fwp%2Fv2%2Ftags&post=1492"}],"curies":[{"name":"wp","href":"https:\/\/api.w.org\/{rel}","templated":true}]}}